{"id":144,"date":"2007-08-29T08:40:26","date_gmt":"2007-08-29T08:40:26","guid":{"rendered":"https:\/\/integrated-design.srl\/?p=144"},"modified":"2025-09-15T08:57:59","modified_gmt":"2025-09-15T08:57:59","slug":"progetto-realizzato-social-housing-borgo-panigale","status":"publish","type":"post","link":"https:\/\/integrated-design.srl\/?p=144","title":{"rendered":"Progetto Realizzato Social housing Borgo Panigale"},"content":{"rendered":"\n<div class=\"wp-block-group is-vertical is-layout-flex wp-container-core-group-is-layout-fe9cc265 wp-block-group-is-layout-flex\">\n<div class=\"wp-block-columns is-layout-flex wp-container-core-columns-is-layout-28f84493 wp-block-columns-is-layout-flex\">\n<div class=\"wp-block-column is-layout-flow wp-block-column-is-layout-flow\" style=\"flex-basis:50%\">\n<figure class=\"wp-block-gallery has-nested-images columns-default wp-block-gallery-1 is-layout-flex wp-block-gallery-is-layout-flex\">\n<figure data-wp-context=\"{&quot;imageId&quot;:&quot;69f36358606f3&quot;}\" data-wp-interactive=\"core\/image\" data-wp-key=\"69f36358606f3\" class=\"wp-block-image size-large wp-lightbox-container\"><img loading=\"lazy\" decoding=\"async\" width=\"749\" height=\"1024\" data-wp-class--hide=\"state.isContentHidden\" data-wp-class--show=\"state.isContentVisible\" data-wp-init=\"callbacks.setButtonStyles\" data-wp-on--click=\"actions.showLightbox\" data-wp-on--load=\"callbacks.setButtonStyles\" data-wp-on-window--resize=\"callbacks.setButtonStyles\" data-id=\"53\" src=\"https:\/\/integrated-design.srl\/wp-content\/uploads\/2025\/08\/2013-Social-housing-Villaggio-della-Speranza-03-749x1024.jpg\" alt=\"\" class=\"wp-image-53\" srcset=\"https:\/\/integrated-design.srl\/wp-content\/uploads\/2025\/08\/2013-Social-housing-Villaggio-della-Speranza-03-749x1024.jpg 749w, https:\/\/integrated-design.srl\/wp-content\/uploads\/2025\/08\/2013-Social-housing-Villaggio-della-Speranza-03-219x300.jpg 219w, https:\/\/integrated-design.srl\/wp-content\/uploads\/2025\/08\/2013-Social-housing-Villaggio-della-Speranza-03-768x1050.jpg 768w, https:\/\/integrated-design.srl\/wp-content\/uploads\/2025\/08\/2013-Social-housing-Villaggio-della-Speranza-03-1124x1536.jpg 1124w, https:\/\/integrated-design.srl\/wp-content\/uploads\/2025\/08\/2013-Social-housing-Villaggio-della-Speranza-03-1498x2048.jpg 1498w, https:\/\/integrated-design.srl\/wp-content\/uploads\/2025\/08\/2013-Social-housing-Villaggio-della-Speranza-03-scaled.jpg 1873w\" sizes=\"auto, (max-width: 749px) 100vw, 749px\" \/><button\n\t\t\tclass=\"lightbox-trigger\"\n\t\t\ttype=\"button\"\n\t\t\taria-haspopup=\"dialog\"\n\t\t\taria-label=\"Enlarge\"\n\t\t\tdata-wp-init=\"callbacks.initTriggerButton\"\n\t\t\tdata-wp-on--click=\"actions.showLightbox\"\n\t\t\tdata-wp-style--right=\"state.imageButtonRight\"\n\t\t\tdata-wp-style--top=\"state.imageButtonTop\"\n\t\t>\n\t\t\t<svg xmlns=\"http:\/\/www.w3.org\/2000\/svg\" width=\"12\" height=\"12\" fill=\"none\" viewBox=\"0 0 12 12\">\n\t\t\t\t<path fill=\"#fff\" d=\"M2 0a2 2 0 0 0-2 2v2h1.5V2a.5.5 0 0 1 .5-.5h2V0H2Zm2 10.5H2a.5.5 0 0 1-.5-.5V8H0v2a2 2 0 0 0 2 2h2v-1.5ZM8 12v-1.5h2a.5.5 0 0 0 .5-.5V8H12v2a2 2 0 0 1-2 2H8Zm2-12a2 2 0 0 1 2 2v2h-1.5V2a.5.5 0 0 0-.5-.5H8V0h2Z\" \/>\n\t\t\t<\/svg>\n\t\t<\/button><\/figure>\n\n\n\n<figure data-wp-context=\"{&quot;imageId&quot;:&quot;69f3635861f4e&quot;}\" data-wp-interactive=\"core\/image\" data-wp-key=\"69f3635861f4e\" class=\"wp-block-image size-large wp-lightbox-container\"><img loading=\"lazy\" decoding=\"async\" width=\"1024\" height=\"859\" data-wp-class--hide=\"state.isContentHidden\" data-wp-class--show=\"state.isContentVisible\" data-wp-init=\"callbacks.setButtonStyles\" data-wp-on--click=\"actions.showLightbox\" data-wp-on--load=\"callbacks.setButtonStyles\" data-wp-on-window--resize=\"callbacks.setButtonStyles\" data-id=\"264\" src=\"https:\/\/integrated-design.srl\/wp-content\/uploads\/2025\/08\/Villaggio-della-Speranza-Piante-Model-01-1024x859.png\" alt=\"\" class=\"wp-image-264\" srcset=\"https:\/\/integrated-design.srl\/wp-content\/uploads\/2025\/08\/Villaggio-della-Speranza-Piante-Model-01-1024x859.png 1024w, https:\/\/integrated-design.srl\/wp-content\/uploads\/2025\/08\/Villaggio-della-Speranza-Piante-Model-01-300x252.png 300w, https:\/\/integrated-design.srl\/wp-content\/uploads\/2025\/08\/Villaggio-della-Speranza-Piante-Model-01-768x644.png 768w, https:\/\/integrated-design.srl\/wp-content\/uploads\/2025\/08\/Villaggio-della-Speranza-Piante-Model-01-1536x1289.png 1536w, https:\/\/integrated-design.srl\/wp-content\/uploads\/2025\/08\/Villaggio-della-Speranza-Piante-Model-01-2048x1718.png 2048w\" sizes=\"auto, (max-width: 1024px) 100vw, 1024px\" \/><button\n\t\t\tclass=\"lightbox-trigger\"\n\t\t\ttype=\"button\"\n\t\t\taria-haspopup=\"dialog\"\n\t\t\taria-label=\"Enlarge\"\n\t\t\tdata-wp-init=\"callbacks.initTriggerButton\"\n\t\t\tdata-wp-on--click=\"actions.showLightbox\"\n\t\t\tdata-wp-style--right=\"state.imageButtonRight\"\n\t\t\tdata-wp-style--top=\"state.imageButtonTop\"\n\t\t>\n\t\t\t<svg xmlns=\"http:\/\/www.w3.org\/2000\/svg\" width=\"12\" height=\"12\" fill=\"none\" viewBox=\"0 0 12 12\">\n\t\t\t\t<path fill=\"#fff\" d=\"M2 0a2 2 0 0 0-2 2v2h1.5V2a.5.5 0 0 1 .5-.5h2V0H2Zm2 10.5H2a.5.5 0 0 1-.5-.5V8H0v2a2 2 0 0 0 2 2h2v-1.5ZM8 12v-1.5h2a.5.5 0 0 0 .5-.5V8H12v2a2 2 0 0 1-2 2H8Zm2-12a2 2 0 0 1 2 2v2h-1.5V2a.5.5 0 0 0-.5-.5H8V0h2Z\" \/>\n\t\t\t<\/svg>\n\t\t<\/button><\/figure>\n\n\n\n<figure data-wp-context=\"{&quot;imageId&quot;:&quot;69f3635860065&quot;}\" data-wp-interactive=\"core\/image\" data-wp-key=\"69f3635860065\" class=\"wp-block-image size-large wp-lightbox-container\"><img loading=\"lazy\" decoding=\"async\" width=\"1024\" height=\"705\" data-wp-class--hide=\"state.isContentHidden\" data-wp-class--show=\"state.isContentVisible\" data-wp-init=\"callbacks.setButtonStyles\" data-wp-on--click=\"actions.showLightbox\" data-wp-on--load=\"callbacks.setButtonStyles\" data-wp-on-window--resize=\"callbacks.setButtonStyles\" data-id=\"54\" src=\"https:\/\/integrated-design.srl\/wp-content\/uploads\/2025\/08\/2013-Social-housing-Villaggio-della-Speranza-04-1024x705.jpg\" alt=\"\" class=\"wp-image-54\" srcset=\"https:\/\/integrated-design.srl\/wp-content\/uploads\/2025\/08\/2013-Social-housing-Villaggio-della-Speranza-04-1024x705.jpg 1024w, https:\/\/integrated-design.srl\/wp-content\/uploads\/2025\/08\/2013-Social-housing-Villaggio-della-Speranza-04-300x206.jpg 300w, https:\/\/integrated-design.srl\/wp-content\/uploads\/2025\/08\/2013-Social-housing-Villaggio-della-Speranza-04-768x529.jpg 768w, https:\/\/integrated-design.srl\/wp-content\/uploads\/2025\/08\/2013-Social-housing-Villaggio-della-Speranza-04-1536x1057.jpg 1536w, https:\/\/integrated-design.srl\/wp-content\/uploads\/2025\/08\/2013-Social-housing-Villaggio-della-Speranza-04-2048x1410.jpg 2048w\" sizes=\"auto, (max-width: 1024px) 100vw, 1024px\" \/><button\n\t\t\tclass=\"lightbox-trigger\"\n\t\t\ttype=\"button\"\n\t\t\taria-haspopup=\"dialog\"\n\t\t\taria-label=\"Enlarge\"\n\t\t\tdata-wp-init=\"callbacks.initTriggerButton\"\n\t\t\tdata-wp-on--click=\"actions.showLightbox\"\n\t\t\tdata-wp-style--right=\"state.imageButtonRight\"\n\t\t\tdata-wp-style--top=\"state.imageButtonTop\"\n\t\t>\n\t\t\t<svg xmlns=\"http:\/\/www.w3.org\/2000\/svg\" width=\"12\" height=\"12\" fill=\"none\" viewBox=\"0 0 12 12\">\n\t\t\t\t<path fill=\"#fff\" d=\"M2 0a2 2 0 0 0-2 2v2h1.5V2a.5.5 0 0 1 .5-.5h2V0H2Zm2 10.5H2a.5.5 0 0 1-.5-.5V8H0v2a2 2 0 0 0 2 2h2v-1.5ZM8 12v-1.5h2a.5.5 0 0 0 .5-.5V8H12v2a2 2 0 0 1-2 2H8Zm2-12a2 2 0 0 1 2 2v2h-1.5V2a.5.5 0 0 0-.5-.5H8V0h2Z\" \/>\n\t\t\t<\/svg>\n\t\t<\/button><\/figure>\n\n\n\n<figure data-wp-context=\"{&quot;imageId&quot;:&quot;69f3635860d6c&quot;}\" data-wp-interactive=\"core\/image\" data-wp-key=\"69f3635860d6c\" class=\"wp-block-image size-large wp-lightbox-container\"><img loading=\"lazy\" decoding=\"async\" width=\"1024\" height=\"816\" data-wp-class--hide=\"state.isContentHidden\" data-wp-class--show=\"state.isContentVisible\" data-wp-init=\"callbacks.setButtonStyles\" data-wp-on--click=\"actions.showLightbox\" data-wp-on--load=\"callbacks.setButtonStyles\" data-wp-on-window--resize=\"callbacks.setButtonStyles\" data-id=\"52\" src=\"https:\/\/integrated-design.srl\/wp-content\/uploads\/2025\/08\/2013-Social-housing-Villaggio-della-Speranza-02-1024x816.jpg\" alt=\"\" class=\"wp-image-52\" srcset=\"https:\/\/integrated-design.srl\/wp-content\/uploads\/2025\/08\/2013-Social-housing-Villaggio-della-Speranza-02-1024x816.jpg 1024w, https:\/\/integrated-design.srl\/wp-content\/uploads\/2025\/08\/2013-Social-housing-Villaggio-della-Speranza-02-300x239.jpg 300w, https:\/\/integrated-design.srl\/wp-content\/uploads\/2025\/08\/2013-Social-housing-Villaggio-della-Speranza-02-768x612.jpg 768w, https:\/\/integrated-design.srl\/wp-content\/uploads\/2025\/08\/2013-Social-housing-Villaggio-della-Speranza-02-1536x1223.jpg 1536w, https:\/\/integrated-design.srl\/wp-content\/uploads\/2025\/08\/2013-Social-housing-Villaggio-della-Speranza-02-2048x1631.jpg 2048w\" sizes=\"auto, (max-width: 1024px) 100vw, 1024px\" \/><button\n\t\t\tclass=\"lightbox-trigger\"\n\t\t\ttype=\"button\"\n\t\t\taria-haspopup=\"dialog\"\n\t\t\taria-label=\"Enlarge\"\n\t\t\tdata-wp-init=\"callbacks.initTriggerButton\"\n\t\t\tdata-wp-on--click=\"actions.showLightbox\"\n\t\t\tdata-wp-style--right=\"state.imageButtonRight\"\n\t\t\tdata-wp-style--top=\"state.imageButtonTop\"\n\t\t>\n\t\t\t<svg xmlns=\"http:\/\/www.w3.org\/2000\/svg\" width=\"12\" height=\"12\" fill=\"none\" viewBox=\"0 0 12 12\">\n\t\t\t\t<path fill=\"#fff\" d=\"M2 0a2 2 0 0 0-2 2v2h1.5V2a.5.5 0 0 1 .5-.5h2V0H2Zm2 10.5H2a.5.5 0 0 1-.5-.5V8H0v2a2 2 0 0 0 2 2h2v-1.5ZM8 12v-1.5h2a.5.5 0 0 0 .5-.5V8H12v2a2 2 0 0 1-2 2H8Zm2-12a2 2 0 0 1 2 2v2h-1.5V2a.5.5 0 0 0-.5-.5H8V0h2Z\" \/>\n\t\t\t<\/svg>\n\t\t<\/button><\/figure>\n\n\n\n<figure data-wp-context=\"{&quot;imageId&quot;:&quot;69f363586137a&quot;}\" data-wp-interactive=\"core\/image\" data-wp-key=\"69f363586137a\" class=\"wp-block-image size-full wp-lightbox-container\"><img loading=\"lazy\" decoding=\"async\" width=\"1024\" height=\"601\" data-wp-class--hide=\"state.isContentHidden\" data-wp-class--show=\"state.isContentVisible\" data-wp-init=\"callbacks.setButtonStyles\" data-wp-on--click=\"actions.showLightbox\" data-wp-on--load=\"callbacks.setButtonStyles\" data-wp-on-window--resize=\"callbacks.setButtonStyles\" data-id=\"51\" src=\"https:\/\/integrated-design.srl\/wp-content\/uploads\/2025\/08\/2013-Social-housing-Villaggio-della-Speranza-03x-1.jpg\" alt=\"\" class=\"wp-image-51\" srcset=\"https:\/\/integrated-design.srl\/wp-content\/uploads\/2025\/08\/2013-Social-housing-Villaggio-della-Speranza-03x-1.jpg 1024w, https:\/\/integrated-design.srl\/wp-content\/uploads\/2025\/08\/2013-Social-housing-Villaggio-della-Speranza-03x-1-300x176.jpg 300w, https:\/\/integrated-design.srl\/wp-content\/uploads\/2025\/08\/2013-Social-housing-Villaggio-della-Speranza-03x-1-768x451.jpg 768w\" sizes=\"auto, (max-width: 1024px) 100vw, 1024px\" \/><button\n\t\t\tclass=\"lightbox-trigger\"\n\t\t\ttype=\"button\"\n\t\t\taria-haspopup=\"dialog\"\n\t\t\taria-label=\"Enlarge\"\n\t\t\tdata-wp-init=\"callbacks.initTriggerButton\"\n\t\t\tdata-wp-on--click=\"actions.showLightbox\"\n\t\t\tdata-wp-style--right=\"state.imageButtonRight\"\n\t\t\tdata-wp-style--top=\"state.imageButtonTop\"\n\t\t>\n\t\t\t<svg xmlns=\"http:\/\/www.w3.org\/2000\/svg\" width=\"12\" height=\"12\" fill=\"none\" viewBox=\"0 0 12 12\">\n\t\t\t\t<path fill=\"#fff\" d=\"M2 0a2 2 0 0 0-2 2v2h1.5V2a.5.5 0 0 1 .5-.5h2V0H2Zm2 10.5H2a.5.5 0 0 1-.5-.5V8H0v2a2 2 0 0 0 2 2h2v-1.5ZM8 12v-1.5h2a.5.5 0 0 0 .5-.5V8H12v2a2 2 0 0 1-2 2H8Zm2-12a2 2 0 0 1 2 2v2h-1.5V2a.5.5 0 0 0-.5-.5H8V0h2Z\" \/>\n\t\t\t<\/svg>\n\t\t<\/button><\/figure>\n\n\n\n<figure data-wp-context=\"{&quot;imageId&quot;:&quot;69f363586193b&quot;}\" data-wp-interactive=\"core\/image\" data-wp-key=\"69f363586193b\" class=\"wp-block-image size-large wp-lightbox-container\"><img loading=\"lazy\" decoding=\"async\" width=\"768\" height=\"1024\" data-wp-class--hide=\"state.isContentHidden\" data-wp-class--show=\"state.isContentVisible\" data-wp-init=\"callbacks.setButtonStyles\" data-wp-on--click=\"actions.showLightbox\" data-wp-on--load=\"callbacks.setButtonStyles\" data-wp-on-window--resize=\"callbacks.setButtonStyles\" data-id=\"263\" src=\"https:\/\/integrated-design.srl\/wp-content\/uploads\/2025\/08\/IMG_9316-2-768x1024.jpg\" alt=\"\" class=\"wp-image-263\" srcset=\"https:\/\/integrated-design.srl\/wp-content\/uploads\/2025\/08\/IMG_9316-2-768x1024.jpg 768w, https:\/\/integrated-design.srl\/wp-content\/uploads\/2025\/08\/IMG_9316-2-225x300.jpg 225w, https:\/\/integrated-design.srl\/wp-content\/uploads\/2025\/08\/IMG_9316-2-1152x1536.jpg 1152w, https:\/\/integrated-design.srl\/wp-content\/uploads\/2025\/08\/IMG_9316-2-1536x2048.jpg 1536w, https:\/\/integrated-design.srl\/wp-content\/uploads\/2025\/08\/IMG_9316-2-scaled.jpg 1920w\" sizes=\"auto, (max-width: 768px) 100vw, 768px\" \/><button\n\t\t\tclass=\"lightbox-trigger\"\n\t\t\ttype=\"button\"\n\t\t\taria-haspopup=\"dialog\"\n\t\t\taria-label=\"Enlarge\"\n\t\t\tdata-wp-init=\"callbacks.initTriggerButton\"\n\t\t\tdata-wp-on--click=\"actions.showLightbox\"\n\t\t\tdata-wp-style--right=\"state.imageButtonRight\"\n\t\t\tdata-wp-style--top=\"state.imageButtonTop\"\n\t\t>\n\t\t\t<svg xmlns=\"http:\/\/www.w3.org\/2000\/svg\" width=\"12\" height=\"12\" fill=\"none\" viewBox=\"0 0 12 12\">\n\t\t\t\t<path fill=\"#fff\" d=\"M2 0a2 2 0 0 0-2 2v2h1.5V2a.5.5 0 0 1 .5-.5h2V0H2Zm2 10.5H2a.5.5 0 0 1-.5-.5V8H0v2a2 2 0 0 0 2 2h2v-1.5ZM8 12v-1.5h2a.5.5 0 0 0 .5-.5V8H12v2a2 2 0 0 1-2 2H8Zm2-12a2 2 0 0 1 2 2v2h-1.5V2a.5.5 0 0 0-.5-.5H8V0h2Z\" \/>\n\t\t\t<\/svg>\n\t\t<\/button><\/figure>\n<\/figure>\n<\/div>\n\n\n\n<div class=\"wp-block-column is-layout-flow wp-block-column-is-layout-flow\" style=\"flex-basis:50%\">\n<p><strong>CLIENTE:&nbsp;<\/strong><\/p>\n\n\n\n<p>Ente Fondazione Ges\u00f9 Divino Operaio&nbsp;<\/p>\n\n\n\n<p><strong>LUOGO:&nbsp;<\/strong>Bologna<\/p>\n\n\n\n<p><strong>ANNO:&nbsp;<\/strong>2007<\/p>\n\n\n\n<p><strong>TIPOLOGIA:&nbsp;<\/strong><\/p>\n\n\n\n<p>4 edifici residenziali di Social housing&nbsp;<\/p>\n\n\n\n<p><strong>CATEGORIA:&nbsp;<\/strong><\/p>\n\n\n\n<p>progettazione preliminare, definitivo, esecutivo e costruttivo&nbsp;di nuova costruzione e direzione lavori generale, redazione di computi metrici&nbsp; e contabilit\u00e0 di cantiere<\/p>\n\n\n\n<p><strong>AREA:&nbsp;<\/strong>3000 mq.<\/p>\n\n\n\n<p><strong>STATO:&nbsp;<\/strong>Completato<\/p>\n\n\n\n<p><strong>TEAM DI PROGETTO:&nbsp;<\/strong><\/p>\n\n\n\n<p>Arch. Luca Porelli, Ing. Carlo Porelli<\/p>\n\n\n\n<p><strong>COLLABORATORI:&nbsp;<\/strong><\/p>\n\n\n\n<p>Impresa Fratelli Campeggi Costruzioni Civili &#8211; Bologna<\/p>\n<\/div>\n<\/div>\n<\/div>\n\n\n\n<p><strong>DESCRIZIONE:<\/strong><\/p>\n\n\n\n<p>Il progetto, realizzato tra il 2004 e il 2007, comprende quattro edifici inseriti nell\u2019area del Villaggio della Speranza, di Villa Pallavicini e della Casa della Carit\u00e0. \u00c8 gestito dalla Fondazione Ges\u00f9 Divino Operaio come residenza temporanea per anziani e giovani coppie, integrata da servizi socio-sanitari. Il progetto mira a favorire la coesione familiare e il sostegno intergenerazionale attraverso la vicinanza abitativa, conciliando indipendenza, riservatezza e spazi di comunit\u00e0. L\u2019unit\u00e0 abitativa tipo, di circa 65 mq, prevede due camere doppie, soggiorno, cucina, bagno, servizio e ampia terrazza coperta. Tale modulo base pu\u00f2 essere ampliato o ridotto tramite l\u2019unione o la separazione di vani con gli appartamenti contigui, garantendo soluzioni flessibili per nuclei familiari numerosi, gruppi misti di anziani e giovani, coppie o anziani autosufficienti. Il vano scale \u00e8 concepito come luogo di incontro e socializzazione, mentre un porticato collega gli edifici creando spazi comuni all\u2019aperto. Le scelte architettoniche risultano coerenti con quelle del Villaggio della Speranza.<\/p>\n","protected":false},"excerpt":{"rendered":"<p>CLIENTE:&nbsp; Ente Fondazione Ges\u00f9 Divino Operaio&nbsp; LUOGO:&nbsp;Bologna ANNO:&nbsp;2007 TIPOLOGIA:&nbsp; 4 edifici residenziali di Social housing&nbsp; CATEGORIA:&nbsp; progettazione preliminare, definitivo, esecutivo e costruttivo&nbsp;di nuova costruzione e direzione lavori generale, redazione di computi metrici&nbsp; e contabilit\u00e0 di cantiere AREA:&nbsp;3000 mq. STATO:&nbsp;Completato TEAM DI PROGETTO:&nbsp; Arch. Luca Porelli, Ing. Carlo Porelli COLLABORATORI:&nbsp; Impresa Fratelli Campeggi Costruzioni Civili &#8211; [&hellip;]<\/p>\n","protected":false},"author":1,"featured_media":48,"comment_status":"closed","ping_status":"open","sticky":false,"template":"","format":"standard","meta":{"footnotes":""},"categories":[5,8],"tags":[26,25,22,29,24,14,30,15,21,12,17,27,16,28,23,13,19,20,18],"class_list":["post-144","post","type-post","status-publish","format-standard","has-post-thumbnail","hentry","category-progetti","category-residenziale","tag-bagno","tag-camere-da-letto","tag-cantina","tag-colonne-ricostruite","tag-cucina","tag-fienile","tag-finitura-a-gelosia","tag-foto-storiche","tag-lavanderia","tag-lavori-di-ristrutturazione","tag-morfologia-originale","tag-ripostiglio","tag-ripristino-tipologico","tag-soffitta","tag-soggiorno","tag-stalla","tag-superficie-135-mq","tag-tre-livelli","tag-unita-immobiliari"],"_links":{"self":[{"href":"https:\/\/integrated-design.srl\/index.php?rest_route=\/wp\/v2\/posts\/144","targetHints":{"allow":["GET"]}}],"collection":[{"href":"https:\/\/integrated-design.srl\/index.php?rest_route=\/wp\/v2\/posts"}],"about":[{"href":"https:\/\/integrated-design.srl\/index.php?rest_route=\/wp\/v2\/types\/post"}],"author":[{"embeddable":true,"href":"https:\/\/integrated-design.srl\/index.php?rest_route=\/wp\/v2\/users\/1"}],"replies":[{"embeddable":true,"href":"https:\/\/integrated-design.srl\/index.php?rest_route=%2Fwp%2Fv2%2Fcomments&post=144"}],"version-history":[{"count":9,"href":"https:\/\/integrated-design.srl\/index.php?rest_route=\/wp\/v2\/posts\/144\/revisions"}],"predecessor-version":[{"id":266,"href":"https:\/\/integrated-design.srl\/index.php?rest_route=\/wp\/v2\/posts\/144\/revisions\/266"}],"wp:featuredmedia":[{"embeddable":true,"href":"https:\/\/integrated-design.srl\/index.php?rest_route=\/wp\/v2\/media\/48"}],"wp:attachment":[{"href":"https:\/\/integrated-design.srl\/index.php?rest_route=%2Fwp%2Fv2%2Fmedia&parent=144"}],"wp:term":[{"taxonomy":"category","embeddable":true,"href":"https:\/\/integrated-design.srl\/index.php?rest_route=%2Fwp%2Fv2%2Fcategories&post=144"},{"taxonomy":"post_tag","embeddable":true,"href":"https:\/\/integrated-design.srl\/index.php?rest_route=%2Fwp%2Fv2%2Ftags&post=144"}],"curies":[{"name":"wp","href":"https:\/\/api.w.org\/{rel}","templated":true}]}}